{"id":2260,"date":"2022-02-08T08:33:00","date_gmt":"2022-02-08T11:33:00","guid":{"rendered":"https:\/\/mig-now.com\/conheca-o-software-brasileiro-que-esta-revolucionando-o-mercado-de-atualizacao-sap-s-4hana\/"},"modified":"2022-10-14T18:46:34","modified_gmt":"2022-10-14T21:46:34","slug":"falta-de-visao-sistemica","status":"publish","type":"post","link":"https:\/\/mig-now.com\/en\/conteudos\/blog\/tecnologia\/lack-of-systemic-vision\/","title":{"rendered":"The main consequences of the lack of systemic vision in your company\u2019s operations."},"content":{"rendered":"<section class=\"dd-o-banner dd-o-banner-topPost\">\n  <figure class=\"dd-o-banner__figure\">\n    <picture>\n      <source media=\"(min-width: 768px)\" srcset=\"https:\/\/mig-now.com\/wp-content\/uploads\/Blog-Post-AO-1-2-22-Falta-de-visa\u0303o-nas-operac\u0327o\u0303es_Desktop.png\">\n      <img decoding=\"async\" src=\"https:\/\/mig-now.com\/wp-content\/uploads\/Blog-Post-AO-1-2-22-Falta-de-visa\u0303o-nas-operac\u0327o\u0303es_mobile.png\" alt=\"\">\n    <\/picture>\n\n    <figcaption class=\"dd-o-banner__caption\">\n      <h2 class=\"dd-o-banner__caption__subtitle\">\n        .Blog        <i class=\"icon-pencil\"><\/i>\n      <\/h2>\n      <h1 class=\"dd-o-banner__caption__title\">The main consequences of the lack of systemic vision in your company\u2019s operations.<\/h1>\n\n      <ul class=\"dd-o-banner__caption__infos\">\n        <li>\n          <i class=\"icon-calendar\"><\/i>\n          <span>February 8, 2022<\/span>\n        <\/li>\n        <li>\n          <i class=\"icon-time\"><\/i>\n          <span>3 minutes of reading<\/span>\n        <\/li>\n      <\/ul>\n\n          <\/figcaption>\n  <\/figure>\n<\/section>\n\n\n<blockquote class=\"wp-block-quote is-layout-flow wp-block-quote-is-layout-flow\"><p class=\"translation-block\">The impacts can be noticed from the leadership to the cash of corporations. Understand how to use SAP S\/4HANA to your advantage to solve this failure.<\/p><\/blockquote>\n\n\n\n<h2 class=\"wp-block-heading translation-block\" id=\"afinal-o-que-e-essa-tal-visao-sistemica-e-como-isso-se-relaciona-com-s-4hana-e-a-minha-corporacao\" style=\"font-size:26px\">What is this \u201csystems view\u201d, how does it relate to S\/4HANA and my corporation?<\/h2>\n\n\n\n<p class=\"translation-block\">Systemic view is basically a macro view, <strong>being able to see and understand the whole<\/strong> through the analysis of the parts that form it. Through it, it\u2019s possible to identify each step of the processes, how they develop, how the sectors are integrated, how the production and delivery of products and services to the consumer and the market is, and most importantly, how to solve small difficulties that were not seen before. . Without this general perspective, problems can happen without the possibility of anticipation on the part of the leadership.<\/p>\n\n\n\n<p class=\"translation-block\">In order for decisions to be taken with <strong>maximum control and assertiveness<\/strong>, it\u2019s necessary to know the company in it\u2019s details: the departments, what are the functions, responsibilities and how the working professionals carry out their tasks. It\u2019s also possible to study the goals and objectives of each department and look for practical details that may hinder the development of these projects. This will help to understand where the company is, where it wants to go and which departments and stages are more aligned or misaligned with this mission.<\/p>\n\n\n\n<p>Discover the software that is revolutionizing the SAP S\/4HANA upgrade market <a href=\"https:\/\/mig-now.com\/en\/conteudos\/blog\/sap-s4hana-upgrade\/\" target=\"_blank\" rel=\"noreferrer noopener\">clicking here<\/a>.<\/p>\n\n\n\n<h2 class=\"wp-block-heading\" id=\"quais-sao-os-sintomas-de-uma-empresa-que-nao-possui-uma-visao-sistemica\" style=\"font-size:26px\"><strong><strong><strong>Knowing this, what are the symptoms of a company that doesn\u2019t have a systemic vision?<\/strong><\/strong><\/strong><\/h2>\n\n\n\n<p>See just a few examples below:<\/p>\n\n\n\n<ul class=\"wp-block-list\"><li>Wrong or late decision making.<\/li><li>Unnecessary costs in operations.<\/li><li>Processes for approval stopped.<\/li><li>Waste of time for professionals performing repetitive or even non-functional processes.<\/li><li>Cases of delays and fines on payments.<\/li><li>Disorganized deliveries, with high cost and failures.<\/li><li>Lack of control and vision of problems in products and services such as: Defective products, poorly performed services.<\/li><li>Stop using cross sell strategy due to lack of information.<\/li><li>Information that is always out of date and\/or delayed.<\/li><\/ul>\n\n\n\n<h2 class=\"wp-block-heading\" id=\"e-como-solucionamos-isso-na-pratica\" style=\"font-size:26px\"><strong>And how do we solve this in practice?<\/strong><\/h2>\n\n\n\n<p class=\"translation-block\"><strong><a href=\"https:\/\/mig-now.com\/en\/os-maiores-beneficios-do-sap-s4hana\/\" target=\"_self\" rel=\"noreferrer noopener\">SAP S\/4HANA<\/a><\/strong> is an intelligent ERP that helps the systemic vision to happen without difficulties, it\u2019s a tool capable of controlling and organizing all information, integrating and managing data in a strategic way, so that they can become inputs for safe decisions.<\/p>\n\n\n\n<p class=\"translation-block\">The SAP system offers a <strong>broad and integrated view of the business<\/strong>, allowing an exact understanding of the distribution of resources in the different sectors, as well as each internal process of the company, helping managers to direct efforts, investments and improvements.<\/p>\n\n\n\n<p>Find out what makes Mignow the best solution for upgrading your SAP ERP by reading <a href=\"https:\/\/mig-now.com\/en\/conteudos\/blog\/tecnologia\/best-solution-upgrade-sap-erp\/\" target=\"_blank\" rel=\"noreferrer noopener\">this content<\/a>.<\/p>\n\n\n\n<p class=\"translation-block\">This solution consists of a <strong>set of tools<\/strong>, which together generate unique data on all areas of a company. In practice, each sector gains its own management system, thanks to the implementation of the best market practices, according to the needs of each department. At the same time, the data generated by each service is integrated, creating true business intelligence.<\/p>\n\n\n\n<div style=\"height:18px\" aria-hidden=\"true\" class=\"wp-block-spacer\"><\/div>\n\n\n\n<p><strong><em><strong><em>Did you like it?<\/em><\/strong><\/em><\/strong><\/p>\n\n\n\n<p>Download the whitepaper&nbsp;<strong>\u201cDo not migrate to S\/4HANA through Software. It will be?&quot;<\/strong>&nbsp;and find out how this new conversion method works.<\/p>\n\n\n\n<p>Just fill in the details below:<\/p>\n\n\n\n\n\n<div style=\"height:100px\" aria-hidden=\"true\" class=\"wp-block-spacer\"><\/div>\n\n\n\n  <section class=\"dd-o-section dd-o-section-newsletter no-background\">\n  \n  <div class=\"dd-o-section__wrapper\">\n    <header class=\"dd-o-section__header\" data-aos=\"fade-up\" data-aos-delay=\"200\">\n      \n              <h2 class=\"dd-o-section__header__title\">Join our list and receive exclusive content<\/h2>\n          <\/header>\n\n    <div class=\"dd-o-section__content\" data-aos=\"fade-up\" data-aos-delay=\"200\">\n        \n              <script>\n          hbspt.forms.create({\n            region: \"na1\",\n            portalId: \"19942753\",\n            formId: \"4447cade-c371-4dfd-aa99-21a2c50f8a28\"\n          });\n        <\/script>\n      \n    <\/div>\n  \n<\/section>\n\n  \n<section class=\"dd-o-section dd-o-list dd-o-list-relatedPosts\">\n  <div class=\"dd-o-section__wrapper\">\n    <header class=\"dd-o-section__header\" data-aos=\"fade-up\"\n     data-aos-delay=\"200\">\n      <h4 class=\"dd-o-section__header__title\">Related articles<\/h4>\n    <\/header>\n\n    <ul>\n                        <li data-aos=\"fade-up\" data-aos-delay=\"0\">\n  <a href=\"https:\/\/mig-now.com\/en\/conteudos\/news\/rodolpho-cardenuto-team-mignow\/\" class=\"dd-m-card-posts vertical\">\n    <figure class=\"dd-m-card-posts__figure\">\n      <img decoding=\"async\" src=\"https:\/\/mig-now.com\/wp-content\/uploads\/News_Ricardo_miniatura.png\" alt=\"\">\n    <\/figure>\n\n    <div class=\"dd-m-card-posts__wrapper\">\n      <i class=\"icon-\"><\/i>\n\n      <div class=\"dd-m-card-posts__content\">\n        <div class=\"dd-m-card-posts__infos\">\n          <h5 class=\"dd-m-card-posts__title\">\n            <span>Rodolpho Cardenuto \u2013 A weight booster for the MIGNOW team<\/span>\n          <\/h5>\n\n                      Rodolpho Cardenuto, a Brazilian executive who made a career at the German multinational, reaching the top of the hierarchy.                  <\/div>\n\n        <span class=\"dd-m-card-posts__button dd-a-button dd-a-button--dark\" role=\"button\">\n          <i class=\"icon-longarrow-right\"><\/i>\n        <\/span>\n      <\/div>\n    <\/div>\n  <\/a>\n<\/li>\n                  <li data-aos=\"fade-up\" data-aos-delay=\"0\">\n  <a href=\"https:\/\/mig-now.com\/en\/conteudos\/blog\/biggest-secrets-sap-migration-to-the-cloud\/\" class=\"dd-m-card-posts vertical\">\n    <figure class=\"dd-m-card-posts__figure\">\n      <img decoding=\"async\" src=\"https:\/\/mig-now.com\/wp-content\/uploads\/MIGNOW-whitepaper_miniatura.png\" alt=\"\">\n    <\/figure>\n\n    <div class=\"dd-m-card-posts__wrapper\">\n      <i class=\"icon-pencil\"><\/i>\n\n      <div class=\"dd-m-card-posts__content\">\n        <div class=\"dd-m-card-posts__infos\">\n          <h5 class=\"dd-m-card-posts__title\">\n            <span>SAP Cloud and the Transition to RISE with SAP<\/span>\n          <\/h5>\n\n                      If you've come this far, it means you're interested in SAP migration to the cloud, right? But do you already know what it takes to turn your cloud conversion process into a successful project?                  <\/div>\n\n        <span class=\"dd-m-card-posts__button dd-a-button dd-a-button--dark\" role=\"button\">\n          <i class=\"icon-longarrow-right\"><\/i>\n        <\/span>\n      <\/div>\n    <\/div>\n  <\/a>\n<\/li>\n                  <li data-aos=\"fade-up\" data-aos-delay=\"0\">\n  <a href=\"https:\/\/mig-now.com\/en\/conteudos\/blog\/sap-s4hana-with-artificial-intelligence\/\" class=\"dd-m-card-posts vertical\">\n    <figure class=\"dd-m-card-posts__figure\">\n      <img decoding=\"async\" src=\"https:\/\/mig-now.com\/wp-content\/uploads\/News_MIG-nas-midias_miniatura_3.png\" alt=\"\">\n    <\/figure>\n\n    <div class=\"dd-m-card-posts__wrapper\">\n      <i class=\"icon-pencil\"><\/i>\n\n      <div class=\"dd-m-card-posts__content\">\n        <div class=\"dd-m-card-posts__infos\">\n          <h5 class=\"dd-m-card-posts__title\">\n            <span>Discover the Software that is revolutionizing the migration from SAP ECC to SAP S\/4HANA with Artificial Intelligence<\/span>\n          <\/h5>\n\n                      Global leader in conversions and upgrades to SAP S\/4HANA with Artificial Intelligence, offering simplified and agile solutions for the digital transformation of companies.                  <\/div>\n\n        <span class=\"dd-m-card-posts__button dd-a-button dd-a-button--dark\" role=\"button\">\n          <i class=\"icon-longarrow-right\"><\/i>\n        <\/span>\n      <\/div>\n    <\/div>\n  <\/a>\n<\/li>\n                  <\/ul>\n  <\/div>\n<\/section>","protected":false},"excerpt":{"rendered":"<p>What is this \u201csystemic vision\u201d, how does it relate to S\/4HANA and my corporation?<\/p>","protected":false},"author":5,"featured_media":2645,"comment_status":"open","ping_status":"open","sticky":false,"template":"","format":"standard","meta":{"_acf_changed":false,"footnotes":""},"categories":[8,34],"tags":[],"class_list":["post-2260","post","type-post","status-publish","format-standard","has-post-thumbnail","hentry","category-blog","category-tecnologia"],"acf":[],"yoast_head":"<!-- This site is optimized with the Yoast SEO plugin v27.4 - https:\/\/yoast.com\/product\/yoast-seo-wordpress\/ -->\n<title>As principais consequ\u00eancias da falta de vis\u00e3o sist\u00eamica em sua opera\u00e7\u00e3o<\/title>\n<meta name=\"description\" content=\"Afinal, o que \u00e9 essa tal \u201cvis\u00e3o sist\u00eamica\u201d e como ela se relaciona com o SAP S\/4HANA e a minha corpora\u00e7\u00e3o? Entenda mais em nosso post do blog,\" \/>\n<meta name=\"robots\" content=\"index, follow, max-snippet:-1, max-image-preview:large, max-video-preview:-1\" \/>\n<link rel=\"canonical\" href=\"https:\/\/mig-now.com\/en\/conteudos\/blog\/tecnologia\/lack-of-systemic-vision\/\" \/>\n<meta property=\"og:locale\" content=\"en_US\" \/>\n<meta property=\"og:type\" content=\"article\" \/>\n<meta property=\"og:title\" content=\"As principais consequ\u00eancias da falta de vis\u00e3o sist\u00eamica em sua opera\u00e7\u00e3o\" \/>\n<meta property=\"og:description\" content=\"Afinal, o que \u00e9 essa tal \u201cvis\u00e3o sist\u00eamica\u201d e como ela se relaciona com o SAP S\/4HANA e a minha corpora\u00e7\u00e3o? Entenda mais em nosso post do blog,\" \/>\n<meta property=\"og:url\" content=\"https:\/\/mig-now.com\/en\/conteudos\/blog\/tecnologia\/lack-of-systemic-vision\/\" \/>\n<meta property=\"og:site_name\" content=\"MIGNOW\" \/>\n<meta property=\"article:publisher\" content=\"https:\/\/www.facebook.com\/MIGNOW-115950623606393\" \/>\n<meta property=\"article:published_time\" content=\"2022-02-08T11:33:00+00:00\" \/>\n<meta property=\"article:modified_time\" content=\"2022-10-14T21:46:34+00:00\" \/>\n<meta property=\"og:image\" content=\"https:\/\/mig-now.com\/wp-content\/uploads\/Blog-Post-AO-1-2-22-Falta-de-visa\u0303o-nas-operac\u0327o\u0303es_miniatura.png\" \/>\n\t<meta property=\"og:image:width\" content=\"473\" \/>\n\t<meta property=\"og:image:height\" content=\"605\" \/>\n\t<meta property=\"og:image:type\" content=\"image\/png\" \/>\n<meta name=\"author\" content=\"Diego Reps\" \/>\n<meta name=\"twitter:card\" content=\"summary_large_image\" \/>\n<meta name=\"twitter:label1\" content=\"Written by\" \/>\n\t<meta name=\"twitter:data1\" content=\"Diego Reps\" \/>\n\t<meta name=\"twitter:label2\" content=\"Est. reading time\" \/>\n\t<meta name=\"twitter:data2\" content=\"3 minutes\" \/>\n<script type=\"application\/ld+json\" class=\"yoast-schema-graph\">{\"@context\":\"https:\\\/\\\/schema.org\",\"@graph\":[{\"@type\":\"Article\",\"@id\":\"https:\\\/\\\/mig-now.com\\\/conteudos\\\/blog\\\/tecnologia\\\/falta-de-visao-sistemica\\\/#article\",\"isPartOf\":{\"@id\":\"https:\\\/\\\/mig-now.com\\\/conteudos\\\/blog\\\/tecnologia\\\/falta-de-visao-sistemica\\\/\"},\"author\":{\"name\":\"Diego Reps\",\"@id\":\"https:\\\/\\\/mig-now.com\\\/#\\\/schema\\\/person\\\/3ed9489dd4c9f82dc4f4468c2d881a38\"},\"headline\":\"Conhe\u00e7a as principais consequ\u00eancias da falta de vis\u00e3o sist\u00eamica em sua opera\u00e7\u00e3o.\",\"datePublished\":\"2022-02-08T11:33:00+00:00\",\"dateModified\":\"2022-10-14T21:46:34+00:00\",\"mainEntityOfPage\":{\"@id\":\"https:\\\/\\\/mig-now.com\\\/conteudos\\\/blog\\\/tecnologia\\\/falta-de-visao-sistemica\\\/\"},\"wordCount\":604,\"commentCount\":0,\"publisher\":{\"@id\":\"https:\\\/\\\/mig-now.com\\\/#organization\"},\"image\":{\"@id\":\"https:\\\/\\\/mig-now.com\\\/conteudos\\\/blog\\\/tecnologia\\\/falta-de-visao-sistemica\\\/#primaryimage\"},\"thumbnailUrl\":\"https:\\\/\\\/mig-now.com\\\/wp-content\\\/uploads\\\/Blog-Post-AO-1-2-22-Falta-de-visa\u0303o-nas-operac\u0327o\u0303es_miniatura.png\",\"articleSection\":[\"Blog\",\"Tecnologia\"],\"inLanguage\":\"en-US\",\"potentialAction\":[{\"@type\":\"CommentAction\",\"name\":\"Comment\",\"target\":[\"https:\\\/\\\/mig-now.com\\\/conteudos\\\/blog\\\/tecnologia\\\/falta-de-visao-sistemica\\\/#respond\"]}]},{\"@type\":\"WebPage\",\"@id\":\"https:\\\/\\\/mig-now.com\\\/conteudos\\\/blog\\\/tecnologia\\\/falta-de-visao-sistemica\\\/\",\"url\":\"https:\\\/\\\/mig-now.com\\\/conteudos\\\/blog\\\/tecnologia\\\/falta-de-visao-sistemica\\\/\",\"name\":\"As principais consequ\u00eancias da falta de vis\u00e3o sist\u00eamica em sua opera\u00e7\u00e3o\",\"isPartOf\":{\"@id\":\"https:\\\/\\\/mig-now.com\\\/#website\"},\"primaryImageOfPage\":{\"@id\":\"https:\\\/\\\/mig-now.com\\\/conteudos\\\/blog\\\/tecnologia\\\/falta-de-visao-sistemica\\\/#primaryimage\"},\"image\":{\"@id\":\"https:\\\/\\\/mig-now.com\\\/conteudos\\\/blog\\\/tecnologia\\\/falta-de-visao-sistemica\\\/#primaryimage\"},\"thumbnailUrl\":\"https:\\\/\\\/mig-now.com\\\/wp-content\\\/uploads\\\/Blog-Post-AO-1-2-22-Falta-de-visa\u0303o-nas-operac\u0327o\u0303es_miniatura.png\",\"datePublished\":\"2022-02-08T11:33:00+00:00\",\"dateModified\":\"2022-10-14T21:46:34+00:00\",\"description\":\"Afinal, o que \u00e9 essa tal \u201cvis\u00e3o sist\u00eamica\u201d e como ela se relaciona com o SAP S\\\/4HANA e a minha corpora\u00e7\u00e3o? Entenda mais em nosso post do blog,\",\"breadcrumb\":{\"@id\":\"https:\\\/\\\/mig-now.com\\\/conteudos\\\/blog\\\/tecnologia\\\/falta-de-visao-sistemica\\\/#breadcrumb\"},\"inLanguage\":\"en-US\",\"potentialAction\":[{\"@type\":\"ReadAction\",\"target\":[\"https:\\\/\\\/mig-now.com\\\/conteudos\\\/blog\\\/tecnologia\\\/falta-de-visao-sistemica\\\/\"]}]},{\"@type\":\"ImageObject\",\"inLanguage\":\"en-US\",\"@id\":\"https:\\\/\\\/mig-now.com\\\/conteudos\\\/blog\\\/tecnologia\\\/falta-de-visao-sistemica\\\/#primaryimage\",\"url\":\"https:\\\/\\\/mig-now.com\\\/wp-content\\\/uploads\\\/Blog-Post-AO-1-2-22-Falta-de-visa\u0303o-nas-operac\u0327o\u0303es_miniatura.png\",\"contentUrl\":\"https:\\\/\\\/mig-now.com\\\/wp-content\\\/uploads\\\/Blog-Post-AO-1-2-22-Falta-de-visa\u0303o-nas-operac\u0327o\u0303es_miniatura.png\",\"width\":473,\"height\":605},{\"@type\":\"BreadcrumbList\",\"@id\":\"https:\\\/\\\/mig-now.com\\\/conteudos\\\/blog\\\/tecnologia\\\/falta-de-visao-sistemica\\\/#breadcrumb\",\"itemListElement\":[{\"@type\":\"ListItem\",\"position\":1,\"name\":\"In\u00edcio\",\"item\":\"https:\\\/\\\/mig-now.com\\\/\"},{\"@type\":\"ListItem\",\"position\":2,\"name\":\"Conhe\u00e7a as principais consequ\u00eancias da falta de vis\u00e3o sist\u00eamica em sua opera\u00e7\u00e3o.\"}]},{\"@type\":\"WebSite\",\"@id\":\"https:\\\/\\\/mig-now.com\\\/#website\",\"url\":\"https:\\\/\\\/mig-now.com\\\/\",\"name\":\"MIGNOW\",\"description\":\"Convers\u00e3o automatizada do SAP ECC para o SAP S\\\/4HANA.\",\"publisher\":{\"@id\":\"https:\\\/\\\/mig-now.com\\\/#organization\"},\"potentialAction\":[{\"@type\":\"SearchAction\",\"target\":{\"@type\":\"EntryPoint\",\"urlTemplate\":\"https:\\\/\\\/mig-now.com\\\/?s={search_term_string}\"},\"query-input\":{\"@type\":\"PropertyValueSpecification\",\"valueRequired\":true,\"valueName\":\"search_term_string\"}}],\"inLanguage\":\"en-US\"},{\"@type\":\"Organization\",\"@id\":\"https:\\\/\\\/mig-now.com\\\/#organization\",\"name\":\"mignow\",\"url\":\"https:\\\/\\\/mig-now.com\\\/\",\"logo\":{\"@type\":\"ImageObject\",\"inLanguage\":\"en-US\",\"@id\":\"https:\\\/\\\/mig-now.com\\\/#\\\/schema\\\/logo\\\/image\\\/\",\"url\":\"https:\\\/\\\/mig-now.com\\\/wp-content\\\/uploads\\\/Mignow-03.png\",\"contentUrl\":\"https:\\\/\\\/mig-now.com\\\/wp-content\\\/uploads\\\/Mignow-03.png\",\"width\":4728,\"height\":1646,\"caption\":\"mignow\"},\"image\":{\"@id\":\"https:\\\/\\\/mig-now.com\\\/#\\\/schema\\\/logo\\\/image\\\/\"},\"sameAs\":[\"https:\\\/\\\/www.facebook.com\\\/MIGNOW-115950623606393\",\"https:\\\/\\\/www.instagram.com\\\/mig_now\\\/\",\"https:\\\/\\\/www.linkedin.com\\\/company\\\/65868910\\\/admin\\\/\",\"https:\\\/\\\/www.youtube.com\\\/channel\\\/UCh1QRa8dGxBPnqIoy6NReeA\"]},{\"@type\":\"Person\",\"@id\":\"https:\\\/\\\/mig-now.com\\\/#\\\/schema\\\/person\\\/3ed9489dd4c9f82dc4f4468c2d881a38\",\"name\":\"Diego Reps\",\"image\":{\"@type\":\"ImageObject\",\"inLanguage\":\"en-US\",\"@id\":\"https:\\\/\\\/secure.gravatar.com\\\/avatar\\\/7414561922c52febed0d600224f01a99e5bca020fa53086028b4489f7370cd49?s=96&d=mm&r=g\",\"url\":\"https:\\\/\\\/secure.gravatar.com\\\/avatar\\\/7414561922c52febed0d600224f01a99e5bca020fa53086028b4489f7370cd49?s=96&d=mm&r=g\",\"contentUrl\":\"https:\\\/\\\/secure.gravatar.com\\\/avatar\\\/7414561922c52febed0d600224f01a99e5bca020fa53086028b4489f7370cd49?s=96&d=mm&r=g\",\"caption\":\"Diego Reps\"}}]}<\/script>\n<!-- \/ Yoast SEO plugin. -->","yoast_head_json":{"title":"The main consequences of the lack of systemic vision in your company\u2019s operations.","description":"What is this systems view, how does it relate to S\/4HANA and my corporation? Find out more in our blog post","robots":{"index":"index","follow":"follow","max-snippet":"max-snippet:-1","max-image-preview":"max-image-preview:large","max-video-preview":"max-video-preview:-1"},"canonical":"https:\/\/mig-now.com\/en\/conteudos\/blog\/tecnologia\/lack-of-systemic-vision\/","og_locale":"en_US","og_type":"article","og_title":"As principais consequ\u00eancias da falta de vis\u00e3o sist\u00eamica em sua opera\u00e7\u00e3o","og_description":"Afinal, o que \u00e9 essa tal \u201cvis\u00e3o sist\u00eamica\u201d e como ela se relaciona com o SAP S\/4HANA e a minha corpora\u00e7\u00e3o? Entenda mais em nosso post do blog,","og_url":"https:\/\/mig-now.com\/en\/conteudos\/blog\/tecnologia\/lack-of-systemic-vision\/","og_site_name":"MIGNOW","article_publisher":"https:\/\/www.facebook.com\/MIGNOW-115950623606393","article_published_time":"2022-02-08T11:33:00+00:00","article_modified_time":"2022-10-14T21:46:34+00:00","og_image":[{"width":473,"height":605,"url":"https:\/\/mig-now.com\/wp-content\/uploads\/Blog-Post-AO-1-2-22-Falta-de-visa\u0303o-nas-operac\u0327o\u0303es_miniatura.png","type":"image\/png"}],"author":"Diego Reps","twitter_card":"summary_large_image","twitter_misc":{"Written by":"Diego Reps","Est. reading time":"3 minutes"},"schema":{"@context":"https:\/\/schema.org","@graph":[{"@type":"Article","@id":"https:\/\/mig-now.com\/conteudos\/blog\/tecnologia\/falta-de-visao-sistemica\/#article","isPartOf":{"@id":"https:\/\/mig-now.com\/conteudos\/blog\/tecnologia\/falta-de-visao-sistemica\/"},"author":{"name":"Diego Reps","@id":"https:\/\/mig-now.com\/#\/schema\/person\/3ed9489dd4c9f82dc4f4468c2d881a38"},"headline":"Conhe\u00e7a as principais consequ\u00eancias da falta de vis\u00e3o sist\u00eamica em sua opera\u00e7\u00e3o.","datePublished":"2022-02-08T11:33:00+00:00","dateModified":"2022-10-14T21:46:34+00:00","mainEntityOfPage":{"@id":"https:\/\/mig-now.com\/conteudos\/blog\/tecnologia\/falta-de-visao-sistemica\/"},"wordCount":604,"commentCount":0,"publisher":{"@id":"https:\/\/mig-now.com\/#organization"},"image":{"@id":"https:\/\/mig-now.com\/conteudos\/blog\/tecnologia\/falta-de-visao-sistemica\/#primaryimage"},"thumbnailUrl":"https:\/\/mig-now.com\/wp-content\/uploads\/Blog-Post-AO-1-2-22-Falta-de-visa\u0303o-nas-operac\u0327o\u0303es_miniatura.png","articleSection":["Blog","Tecnologia"],"inLanguage":"en-US","potentialAction":[{"@type":"CommentAction","name":"Comment","target":["https:\/\/mig-now.com\/conteudos\/blog\/tecnologia\/falta-de-visao-sistemica\/#respond"]}]},{"@type":"WebPage","@id":"https:\/\/mig-now.com\/conteudos\/blog\/tecnologia\/falta-de-visao-sistemica\/","url":"https:\/\/mig-now.com\/conteudos\/blog\/tecnologia\/falta-de-visao-sistemica\/","name":"The main consequences of the lack of systemic vision in your company\u2019s operations.","isPartOf":{"@id":"https:\/\/mig-now.com\/#website"},"primaryImageOfPage":{"@id":"https:\/\/mig-now.com\/conteudos\/blog\/tecnologia\/falta-de-visao-sistemica\/#primaryimage"},"image":{"@id":"https:\/\/mig-now.com\/conteudos\/blog\/tecnologia\/falta-de-visao-sistemica\/#primaryimage"},"thumbnailUrl":"https:\/\/mig-now.com\/wp-content\/uploads\/Blog-Post-AO-1-2-22-Falta-de-visa\u0303o-nas-operac\u0327o\u0303es_miniatura.png","datePublished":"2022-02-08T11:33:00+00:00","dateModified":"2022-10-14T21:46:34+00:00","description":"What is this systems view, how does it relate to S\/4HANA and my corporation? Find out more in our blog post","breadcrumb":{"@id":"https:\/\/mig-now.com\/conteudos\/blog\/tecnologia\/falta-de-visao-sistemica\/#breadcrumb"},"inLanguage":"en-US","potentialAction":[{"@type":"ReadAction","target":["https:\/\/mig-now.com\/conteudos\/blog\/tecnologia\/falta-de-visao-sistemica\/"]}]},{"@type":"ImageObject","inLanguage":"en-US","@id":"https:\/\/mig-now.com\/conteudos\/blog\/tecnologia\/falta-de-visao-sistemica\/#primaryimage","url":"https:\/\/mig-now.com\/wp-content\/uploads\/Blog-Post-AO-1-2-22-Falta-de-visa\u0303o-nas-operac\u0327o\u0303es_miniatura.png","contentUrl":"https:\/\/mig-now.com\/wp-content\/uploads\/Blog-Post-AO-1-2-22-Falta-de-visa\u0303o-nas-operac\u0327o\u0303es_miniatura.png","width":473,"height":605},{"@type":"BreadcrumbList","@id":"https:\/\/mig-now.com\/conteudos\/blog\/tecnologia\/falta-de-visao-sistemica\/#breadcrumb","itemListElement":[{"@type":"ListItem","position":1,"name":"In\u00edcio","item":"https:\/\/mig-now.com\/"},{"@type":"ListItem","position":2,"name":"Conhe\u00e7a as principais consequ\u00eancias da falta de vis\u00e3o sist\u00eamica em sua opera\u00e7\u00e3o."}]},{"@type":"WebSite","@id":"https:\/\/mig-now.com\/#website","url":"https:\/\/mig-now.com\/","name":"MIGNOW","description":"Automated conversion from SAP ECC to SAP S\/4HANA.","publisher":{"@id":"https:\/\/mig-now.com\/#organization"},"potentialAction":[{"@type":"SearchAction","target":{"@type":"EntryPoint","urlTemplate":"https:\/\/mig-now.com\/?s={search_term_string}"},"query-input":{"@type":"PropertyValueSpecification","valueRequired":true,"valueName":"search_term_string"}}],"inLanguage":"en-US"},{"@type":"Organization","@id":"https:\/\/mig-now.com\/#organization","name":"mignow","url":"https:\/\/mig-now.com\/","logo":{"@type":"ImageObject","inLanguage":"en-US","@id":"https:\/\/mig-now.com\/#\/schema\/logo\/image\/","url":"https:\/\/mig-now.com\/wp-content\/uploads\/Mignow-03.png","contentUrl":"https:\/\/mig-now.com\/wp-content\/uploads\/Mignow-03.png","width":4728,"height":1646,"caption":"mignow"},"image":{"@id":"https:\/\/mig-now.com\/#\/schema\/logo\/image\/"},"sameAs":["https:\/\/www.facebook.com\/MIGNOW-115950623606393","https:\/\/www.instagram.com\/mig_now\/","https:\/\/www.linkedin.com\/company\/65868910\/admin\/","https:\/\/www.youtube.com\/channel\/UCh1QRa8dGxBPnqIoy6NReeA"]},{"@type":"Person","@id":"https:\/\/mig-now.com\/#\/schema\/person\/3ed9489dd4c9f82dc4f4468c2d881a38","name":"Diego Reps","image":{"@type":"ImageObject","inLanguage":"en-US","@id":"https:\/\/secure.gravatar.com\/avatar\/7414561922c52febed0d600224f01a99e5bca020fa53086028b4489f7370cd49?s=96&d=mm&r=g","url":"https:\/\/secure.gravatar.com\/avatar\/7414561922c52febed0d600224f01a99e5bca020fa53086028b4489f7370cd49?s=96&d=mm&r=g","contentUrl":"https:\/\/secure.gravatar.com\/avatar\/7414561922c52febed0d600224f01a99e5bca020fa53086028b4489f7370cd49?s=96&d=mm&r=g","caption":"Diego Reps"}}]}},"_links":{"self":[{"href":"https:\/\/mig-now.com\/en\/wp-json\/wp\/v2\/posts\/2260","targetHints":{"allow":["GET"]}}],"collection":[{"href":"https:\/\/mig-now.com\/en\/wp-json\/wp\/v2\/posts"}],"about":[{"href":"https:\/\/mig-now.com\/en\/wp-json\/wp\/v2\/types\/post"}],"author":[{"embeddable":true,"href":"https:\/\/mig-now.com\/en\/wp-json\/wp\/v2\/users\/5"}],"replies":[{"embeddable":true,"href":"https:\/\/mig-now.com\/en\/wp-json\/wp\/v2\/comments?post=2260"}],"version-history":[{"count":0,"href":"https:\/\/mig-now.com\/en\/wp-json\/wp\/v2\/posts\/2260\/revisions"}],"wp:featuredmedia":[{"embeddable":true,"href":"https:\/\/mig-now.com\/en\/wp-json\/wp\/v2\/media\/2645"}],"wp:attachment":[{"href":"https:\/\/mig-now.com\/en\/wp-json\/wp\/v2\/media?parent=2260"}],"wp:term":[{"taxonomy":"category","embeddable":true,"href":"https:\/\/mig-now.com\/en\/wp-json\/wp\/v2\/categories?post=2260"},{"taxonomy":"post_tag","embeddable":true,"href":"https:\/\/mig-now.com\/en\/wp-json\/wp\/v2\/tags?post=2260"}],"curies":[{"name":"wp","href":"https:\/\/api.w.org\/{rel}","templated":true}]}}